{"id":2929,"date":"2025-02-24T20:25:23","date_gmt":"2025-02-24T19:25:23","guid":{"rendered":"https:\/\/www.sensem.es\/?p=2929"},"modified":"2025-11-13T16:56:01","modified_gmt":"2025-11-13T15:56:01","slug":"pino-insigne-pino-radiata-caracteristicas-y-usos","status":"publish","type":"post","link":"https:\/\/www.sensem.es\/es\/pino-insigne-pino-radiata-caracteristicas-y-usos\/","title":{"rendered":"Pino insigne o pino radiata: caracter\u00edsticas y usos en carpinter\u00eda"},"content":{"rendered":"<p>El <strong>pino insigne<\/strong>, conocido tambi\u00e9n como <strong>pino radiata<\/strong> o <strong>pino de Monterrey<\/strong>, es una madera muy valorada en carpinter\u00eda por sus propiedades f\u00edsicas y su facilidad de mecanizado. Por eso en Sensem lo utilizamos como base para la <a title=\"Puertas sin marco\" href=\"https:\/\/www.sensem.es\/es\/\">fabricaci\u00f3n de puertas sin marco<\/a>.<\/p>\n<h2>\u00bfQu\u00e9 es el pino insigne o pino radiata?<\/h2>\n<p>Aunque a primera vista todos los pinos pueden parecer similares, no todos poseen las mismas caracter\u00edsticas.<\/p>\n<p>El <em>pinus insignis<\/em> es una con\u00edfera especial procedente de la costa californiana que actualmente se cultiva en distintos pa\u00edses gracias a su <strong>r\u00e1pido crecimiento y gran adaptabilidad<\/strong>.<\/p>\n<p>En Espa\u00f1a, esta especie destaca especialmente en el Pa\u00eds Vasco, donde <strong>su abundancia permite un uso habitual en carpinter\u00eda<\/strong> interior, fabricaci\u00f3n de puertas y mobiliario, siendo valorado por su sostenibilidad y facilidad de trabajo.<\/p>\n<h2>Caracter\u00edsticas principales del pino insigne<\/h2>\n<p>El pino radiata presenta una <strong>apariencia clara y limpia<\/strong>, con fibras rectas, grano medio, albura blanca amarillenta y un duramen que var\u00eda entre tonos amarillos y marrones.<\/p>\n<p><strong>Su textura uniforme permite obtener acabados impecables<\/strong>, algo que resulta imprescindible para nuestros clientes<\/p>\n<p>La madera radiata destaca por tener unas propiedades f\u00edsicas y est\u00e9ticas que la convierten <strong>una de las mejores opciones en carpinter\u00eda<\/strong>, tanto si hablamos de fabricaci\u00f3n de muebles como de <a title=\"Puertas a medida\" href=\"https:\/\/www.sensem.es\/es\/puertas\/\">puertas a medida<\/a>.<\/p>\n<ul>\n<li><strong>Densidad moderada<\/strong>: aproximadamente 500 kg\/m\u00b3.<\/li>\n<li><strong>Dureza moderada<\/strong>: Madera semidura (Brinell 14-15) que permite crear estructuras ligeras pero robustas.<\/li>\n<li><strong>Resistencia mec\u00e1nica alta<\/strong> frente a flexi\u00f3n y compresi\u00f3n.<\/li>\n<\/ul>\n<p>Estas caracter\u00edsticas junto con un secado adecuado la convierten en <strong>una madera que no se deforma con el paso del tiempo<\/strong>.<\/p>\n<h2>Ventajas de usar pino de Monterrey en carpinter\u00eda<\/h2>\n<p>Entre las ventajas m\u00e1s destacadas destacan su <strong>facilidad de mecanizado y secado r\u00e1pido<\/strong>:<\/p>\n<ul>\n<li><strong>Facilidad de mecanizado y manipulaci\u00f3n:<\/strong> Puede cepillarse, aserrarse y encolarse con facilidad. Aunque necesita pretaladro previo para el clavado o atornillado, este proceso es sencillo y evita da\u00f1os en la madera.<\/li>\n<li><strong>Secado r\u00e1pido y uniforme:<\/strong> El secado de la madera es un proceso fundamental para reducir su contenido de humedad y evitar deformaciones. El pino de Monterrey destaca porque seca r\u00e1pidamente y de forma homog\u00e9nea, evitando deformaciones, y asegurando estabilidad dimensional y calidad final en puertas y mobiliario.<\/li>\n<li><strong>Uso en interiores y exteriores:<\/strong> Con el tratamiento adecuado, esta madera puede emplearse tambi\u00e9n en ambientes exteriores moderados, ampliando sus opciones tanto decorativas como estructurales.<\/li>\n<\/ul>\n<h2>Aplicaciones del pino radiata en carpinter\u00eda<\/h2>\n<p>Las puertas Sensem est\u00e1n construidas con un bastidor de pino insigne cuidadosamente seleccionado, libre de nudos e irregularidades. Este bastidor se rellena con porexp\u00e1n de alta densidad y se recubre con tableros HDF hidr\u00f3fugos, proporcionando resistencia, ligereza y un acabado elegante.<\/p>\n<p>Adem\u00e1s de para la fabricaci\u00f3n de puertas, el pino radiata tambi\u00e9n es muy <strong>valorado en la fabricaci\u00f3n de otros elementos decorativos y estructurales<\/strong>, como:<\/p>\n<ul>\n<li>Paneles contrachapados<\/li>\n<li>Madera laminada encolada (CLT)<\/li>\n<li>Mobiliario decorativo y revestimientos interiores<\/li>\n<li>Molduras y frisos decorativos<\/li>\n<\/ul>\n<h2>Tratamientos y acabados para mejorar la durabilidad del pino insigne<\/h2>\n<p>El pino insigne tiene una <strong>resistencia natural limitada frente a insectos y hongos<\/strong>, pero en Sensem ofrecemos tratamientos que mejoran notablemente su durabilidad:<\/p>\n<ul>\n<li><strong>Lacados poliuret\u00e1nicos<\/strong> en cualquier color de la carta RAL.<\/li>\n<li><strong>Barnizados<\/strong> transparentes o tintados que protegen la madera y destacan su est\u00e9tica natural.<\/li>\n<li>Acabados con <strong>chapa natural<\/strong> o sint\u00e9tica.<\/li>\n<li>Integraci\u00f3n de <strong>vidrio<\/strong> para dise\u00f1os m\u00e1s exclusivos y modernos.<\/li>\n<\/ul>\n<p>Adicionalmente, <strong>realizamos tratamientos fungicidas espec\u00edficos<\/strong> que protegen la madera frente a ambientes exigentes, garantizando una vida \u00fatil prolongada y un resultado est\u00e9tico impecable.<\/p>\n<h2>\u00bfPor qu\u00e9 elegir nuestras puertas fabricadas con pino radiata?<\/h2>\n<p>Elegir las puertas Sensem de pino radiata significa <strong>apostar por una calidad superior<\/strong>, ya que seleccionamos cuidadosamente cada material y ofrecemos acabados totalmente personalizados seg\u00fan tus preferencias. Adem\u00e1s, contamos con un <strong>equipo profesional que garantiza una instalaci\u00f3n impecable<\/strong> y ofrecemos garant\u00eda europea en todos nuestros productos.<\/p>\n<p>Si buscas incorporar puertas que combinen calidad, dise\u00f1o y resistencia en tu proyecto, no dudes en contactar con nosotros.<\/p>\n","protected":false},"excerpt":{"rendered":"<p>El pino insigne, conocido tambi\u00e9n como pino radiata o pino de Monterrey, es una madera muy valorada en carpinter\u00eda por sus propiedades f\u00edsicas y su facilidad de mecanizado. Por eso en Sensem lo utilizamos como base para la fabricaci\u00f3n de puertas sin marco. \u00bfQu\u00e9 es el pino insigne o pino radiata? Aunque a primera vista&hellip;<\/p>\n","protected":false},"author":4,"featured_media":2930,"comment_status":"closed","ping_status":"closed","sticky":false,"template":"","format":"standard","meta":{"footnotes":""},"categories":[32],"tags":[],"class_list":["post-2929","post","type-post","status-publish","format-standard","has-post-thumbnail","hentry","category-novedades","category-32","description-off"],"yoast_head":"<!-- This site is optimized with the Yoast SEO plugin v27.4 - https:\/\/yoast.com\/product\/yoast-seo-wordpress\/ -->\n<title>Pino insigne o pino radiata: caracter\u00edsticas y usos en carpinter\u00eda<\/title>\n<meta name=\"description\" content=\"Propiedades y usos del pino insigne o pino radiata en carpinter\u00eda, y por qu\u00e9 se usa en la fabricaci\u00f3n de puertas sin marco de cualquier tipo.\" \/>\n<meta name=\"robots\" content=\"index, follow, max-snippet:-1, max-image-preview:large, max-video-preview:-1\" \/>\n<link rel=\"canonical\" href=\"https:\/\/www.sensem.es\/es\/pino-insigne-pino-radiata-caracteristicas-y-usos\/\" \/>\n<meta property=\"og:locale\" content=\"es_ES\" \/>\n<meta property=\"og:type\" content=\"article\" \/>\n<meta property=\"og:title\" content=\"Pino insigne o pino radiata: caracter\u00edsticas y usos en carpinter\u00eda\" \/>\n<meta property=\"og:description\" content=\"Propiedades y usos del pino insigne o pino radiata en carpinter\u00eda, y por qu\u00e9 se usa en la fabricaci\u00f3n de puertas sin marco de cualquier tipo.\" \/>\n<meta property=\"og:url\" content=\"https:\/\/www.sensem.es\/es\/pino-insigne-pino-radiata-caracteristicas-y-usos\/\" \/>\n<meta property=\"og:site_name\" content=\"SENSEM | Puertas sin marcos\" \/>\n<meta property=\"article:publisher\" content=\"https:\/\/www.facebook.com\/sensempuertassinmarco\/\" \/>\n<meta property=\"article:published_time\" content=\"2025-02-24T19:25:23+00:00\" \/>\n<meta property=\"article:modified_time\" content=\"2025-11-13T15:56:01+00:00\" \/>\n<meta property=\"og:image\" content=\"https:\/\/www.sensem.es\/wp-content\/uploads\/2025\/02\/pino-insigne-pino-radiata-img.jpg\" \/>\n\t<meta property=\"og:image:width\" content=\"825\" \/>\n\t<meta property=\"og:image:height\" content=\"540\" \/>\n\t<meta property=\"og:image:type\" content=\"image\/jpeg\" \/>\n<meta name=\"author\" content=\"Pascual Brines\" \/>\n<meta name=\"twitter:card\" content=\"summary_large_image\" \/>\n<meta name=\"twitter:label1\" content=\"Escrito por\" \/>\n\t<meta name=\"twitter:data1\" content=\"Pascual Brines\" \/>\n\t<meta name=\"twitter:label2\" content=\"Tiempo de lectura\" \/>\n\t<meta name=\"twitter:data2\" content=\"4 minutos\" \/>\n<!-- \/ Yoast SEO plugin. -->","yoast_head_json":{"title":"Pino insigne o pino radiata: caracter\u00edsticas y usos en carpinter\u00eda","description":"Propiedades y usos del pino insigne o pino radiata en carpinter\u00eda, y por qu\u00e9 se usa en la fabricaci\u00f3n de puertas sin marco de cualquier tipo.","robots":{"index":"index","follow":"follow","max-snippet":"max-snippet:-1","max-image-preview":"max-image-preview:large","max-video-preview":"max-video-preview:-1"},"canonical":"https:\/\/www.sensem.es\/es\/pino-insigne-pino-radiata-caracteristicas-y-usos\/","og_locale":"es_ES","og_type":"article","og_title":"Pino insigne o pino radiata: caracter\u00edsticas y usos en carpinter\u00eda","og_description":"Propiedades y usos del pino insigne o pino radiata en carpinter\u00eda, y por qu\u00e9 se usa en la fabricaci\u00f3n de puertas sin marco de cualquier tipo.","og_url":"https:\/\/www.sensem.es\/es\/pino-insigne-pino-radiata-caracteristicas-y-usos\/","og_site_name":"SENSEM | Puertas sin marcos","article_publisher":"https:\/\/www.facebook.com\/sensempuertassinmarco\/","article_published_time":"2025-02-24T19:25:23+00:00","article_modified_time":"2025-11-13T15:56:01+00:00","og_image":[{"width":825,"height":540,"url":"https:\/\/www.sensem.es\/wp-content\/uploads\/2025\/02\/pino-insigne-pino-radiata-img.jpg","type":"image\/jpeg"}],"author":"Pascual Brines","twitter_card":"summary_large_image","twitter_misc":{"Escrito por":"Pascual Brines","Tiempo de lectura":"4 minutos"},"schema":{"@context":"https:\/\/schema.org","@graph":[{"@type":"Article","@id":"https:\/\/www.sensem.es\/es\/pino-insigne-pino-radiata-caracteristicas-y-usos\/#article","isPartOf":{"@id":"https:\/\/www.sensem.es\/es\/pino-insigne-pino-radiata-caracteristicas-y-usos\/"},"author":{"name":"Pascual Brines","@id":"https:\/\/www.sensem.es\/es\/#\/schema\/person\/6eeef94f9f8479f4c5cce384433bb593"},"headline":"Pino insigne o pino radiata: caracter\u00edsticas y usos en carpinter\u00eda","datePublished":"2025-02-24T19:25:23+00:00","dateModified":"2025-11-13T15:56:01+00:00","mainEntityOfPage":{"@id":"https:\/\/www.sensem.es\/es\/pino-insigne-pino-radiata-caracteristicas-y-usos\/"},"wordCount":695,"publisher":{"@id":"https:\/\/www.sensem.es\/es\/#organization"},"image":{"@id":"https:\/\/www.sensem.es\/es\/pino-insigne-pino-radiata-caracteristicas-y-usos\/#primaryimage"},"thumbnailUrl":"https:\/\/www.sensem.es\/wp-content\/uploads\/2025\/02\/pino-insigne-pino-radiata-img.jpg","articleSection":["novedades"],"inLanguage":"es"},{"@type":"WebPage","@id":"https:\/\/www.sensem.es\/es\/pino-insigne-pino-radiata-caracteristicas-y-usos\/","url":"https:\/\/www.sensem.es\/es\/pino-insigne-pino-radiata-caracteristicas-y-usos\/","name":"Pino insigne o pino radiata: caracter\u00edsticas y usos en carpinter\u00eda","isPartOf":{"@id":"https:\/\/www.sensem.es\/es\/#website"},"primaryImageOfPage":{"@id":"https:\/\/www.sensem.es\/es\/pino-insigne-pino-radiata-caracteristicas-y-usos\/#primaryimage"},"image":{"@id":"https:\/\/www.sensem.es\/es\/pino-insigne-pino-radiata-caracteristicas-y-usos\/#primaryimage"},"thumbnailUrl":"https:\/\/www.sensem.es\/wp-content\/uploads\/2025\/02\/pino-insigne-pino-radiata-img.jpg","datePublished":"2025-02-24T19:25:23+00:00","dateModified":"2025-11-13T15:56:01+00:00","description":"Propiedades y usos del pino insigne o pino radiata en carpinter\u00eda, y por qu\u00e9 se usa en la fabricaci\u00f3n de puertas sin marco de cualquier tipo.","breadcrumb":{"@id":"https:\/\/www.sensem.es\/es\/pino-insigne-pino-radiata-caracteristicas-y-usos\/#breadcrumb"},"inLanguage":"es","potentialAction":[{"@type":"ReadAction","target":["https:\/\/www.sensem.es\/es\/pino-insigne-pino-radiata-caracteristicas-y-usos\/"]}]},{"@type":"ImageObject","inLanguage":"es","@id":"https:\/\/www.sensem.es\/es\/pino-insigne-pino-radiata-caracteristicas-y-usos\/#primaryimage","url":"https:\/\/www.sensem.es\/wp-content\/uploads\/2025\/02\/pino-insigne-pino-radiata-img.jpg","contentUrl":"https:\/\/www.sensem.es\/wp-content\/uploads\/2025\/02\/pino-insigne-pino-radiata-img.jpg","width":825,"height":540,"caption":"Rama de pino insigne o pino radiata usado en carpinter\u00eda"},{"@type":"BreadcrumbList","@id":"https:\/\/www.sensem.es\/es\/pino-insigne-pino-radiata-caracteristicas-y-usos\/#breadcrumb","itemListElement":[{"@type":"ListItem","position":1,"name":"Portada","item":"https:\/\/www.sensem.es\/es\/"},{"@type":"ListItem","position":2,"name":"Pino insigne o pino radiata: caracter\u00edsticas y usos en carpinter\u00eda"}]},{"@type":"WebSite","@id":"https:\/\/www.sensem.es\/es\/#website","url":"https:\/\/www.sensem.es\/es\/","name":"Sensem","description":"F\u00e1brica de puertas sin marcos","publisher":{"@id":"https:\/\/www.sensem.es\/es\/#organization"},"alternateName":"Sensem","potentialAction":[{"@type":"SearchAction","target":{"@type":"EntryPoint","urlTemplate":"https:\/\/www.sensem.es\/es\/?s={search_term_string}"},"query-input":{"@type":"PropertyValueSpecification","valueRequired":true,"valueName":"search_term_string"}}],"inLanguage":"es"},{"@type":"Organization","@id":"https:\/\/www.sensem.es\/es\/#organization","name":"Mediterr\u00e1nea de Soluciones y Desarrollos, SL","alternateName":"Sensem","url":"https:\/\/www.sensem.es\/es\/","logo":{"@type":"ImageObject","inLanguage":"es","@id":"https:\/\/www.sensem.es\/es\/#\/schema\/logo\/image\/","url":"https:\/\/www.sensem.es\/wp-content\/uploads\/2020\/11\/negro-466x160-1.png","contentUrl":"https:\/\/www.sensem.es\/wp-content\/uploads\/2020\/11\/negro-466x160-1.png","width":466,"height":160,"caption":"Mediterr\u00e1nea de Soluciones y Desarrollos, SL"},"image":{"@id":"https:\/\/www.sensem.es\/es\/#\/schema\/logo\/image\/"},"sameAs":["https:\/\/www.facebook.com\/sensempuertassinmarco\/","https:\/\/www.linkedin.com\/company\/sensem-puertas-sin-marco\/","https:\/\/www.instagram.com\/sensempuertassinmarco\/"]},{"@type":"Person","@id":"https:\/\/www.sensem.es\/es\/#\/schema\/person\/6eeef94f9f8479f4c5cce384433bb593","name":"Pascual Brines","image":{"@type":"ImageObject","inLanguage":"es","@id":"https:\/\/www.sensem.es\/wp-content\/litespeed\/avatar\/9a8bbe5cf2622b35de487c62d6a02cdd.jpg?ver=1777587564","url":"https:\/\/www.sensem.es\/wp-content\/litespeed\/avatar\/9a8bbe5cf2622b35de487c62d6a02cdd.jpg?ver=1777587564","contentUrl":"https:\/\/www.sensem.es\/wp-content\/litespeed\/avatar\/9a8bbe5cf2622b35de487c62d6a02cdd.jpg?ver=1777587564","caption":"Pascual Brines"},"description":"Carpintero y especialista en desarrollo de producto, llevo a\u00f1os trabajando en el sector de las puertas sin marcos. En este blog comparto detalles t\u00e9cnicos y curiosidades para quienes tengan inter\u00e9s en saber un poco m\u00e1s.","sameAs":["https:\/\/www.sensem.es\/es\/pascual-brines\/","https:\/\/www.linkedin.com\/in\/pascual-brines-88104a48\/"]}]}},"_links":{"self":[{"href":"https:\/\/www.sensem.es\/es\/wp-json\/wp\/v2\/posts\/2929","targetHints":{"allow":["GET"]}}],"collection":[{"href":"https:\/\/www.sensem.es\/es\/wp-json\/wp\/v2\/posts"}],"about":[{"href":"https:\/\/www.sensem.es\/es\/wp-json\/wp\/v2\/types\/post"}],"author":[{"embeddable":true,"href":"https:\/\/www.sensem.es\/es\/wp-json\/wp\/v2\/users\/4"}],"replies":[{"embeddable":true,"href":"https:\/\/www.sensem.es\/es\/wp-json\/wp\/v2\/comments?post=2929"}],"version-history":[{"count":0,"href":"https:\/\/www.sensem.es\/es\/wp-json\/wp\/v2\/posts\/2929\/revisions"}],"wp:featuredmedia":[{"embeddable":true,"href":"https:\/\/www.sensem.es\/es\/wp-json\/wp\/v2\/media\/2930"}],"wp:attachment":[{"href":"https:\/\/www.sensem.es\/es\/wp-json\/wp\/v2\/media?parent=2929"}],"wp:term":[{"taxonomy":"category","embeddable":true,"href":"https:\/\/www.sensem.es\/es\/wp-json\/wp\/v2\/categories?post=2929"},{"taxonomy":"post_tag","embeddable":true,"href":"https:\/\/www.sensem.es\/es\/wp-json\/wp\/v2\/tags?post=2929"}],"curies":[{"name":"wp","href":"https:\/\/api.w.org\/{rel}","templated":true}]}}