{"id":292,"date":"2014-06-11T23:13:42","date_gmt":"2014-06-11T23:13:42","guid":{"rendered":"http:\/\/www.sensem.es\/blog\/?p=292"},"modified":"2026-04-08T15:24:58","modified_gmt":"2026-04-08T13:24:58","slug":"anclaje-nivelado-marco-sensem","status":"publish","type":"post","link":"https:\/\/www.sensem.es\/es\/anclaje-nivelado-marco-sensem\/","title":{"rendered":"Anclaje y nivelado del marco SENSEM en 6 pasos"},"content":{"rendered":"<p>La <strong>instalaci\u00f3n de un marco de puerta sin marco<\/strong> o de marco oculto requiere cierta precisi\u00f3n en cada fase. Un error en el anclaje o en el nivelado puede generar desviaciones, fisuras en el encuentro con el paramento o problemas en el cierre de la hoja.<\/p>\n<p>Por eso, en este art\u00edculo se detalla el <strong>proceso completo de instalaci\u00f3n del sistema SENSEM<\/strong>, explicando paso a paso c\u00f3mo realizar un anclaje correcto y qu\u00e9 aspectos t\u00e9cnicos deben controlarse en obra para garantizar la estabilidad del conjunto y el buen funcionamiento posterior de la puerta.<\/p>\n<p>\u00bfC\u00f3mo llega el marco a obra? \u00bfQu\u00e9 pasos deben respetarse durante la instalaci\u00f3n? \u00bfEn qu\u00e9 puntos conviene extremar la atenci\u00f3n? A continuaci\u00f3n detallamos <strong>los seis pasos fundamentales<\/strong> para garantizar un anclaje eficaz y duradero del marco SENSEM.<\/p>\n<h2>1. Recepci\u00f3n y preparaci\u00f3n del marco en obra<\/h2>\n<p><strong>El marco SENSEM llega a la vivienda completamente montado<\/strong>, con los distanciadores colocados para mantener la misma medida interior desde el cabezal hasta el pie. Los distanciadores inferiores marcan la cota del suelo terminado.<\/p>\n<p>Antes de proceder a su fijaci\u00f3n, es necesario comprobar si el espesor del pavimento final requiere alg\u00fan ajuste adicional. En ese caso, deber\u00e1 complementarse dicha medida para asegurar que el marco quede correctamente posicionado respecto al nivel de suelo definitivo.<\/p>\n<p><img decoding=\"async\" class=\"alignnone size-full wp-image-4453\" src=\"https:\/\/www.sensem.es\/wp-content\/uploads\/2014\/06\/distanciadores-puertas-sensem.jpg\" alt=\"Esquema de puertas sin marcos Sensem con distanciadores para f\u00e1cil montaje\" width=\"765\" height=\"433\" srcset=\"https:\/\/www.sensem.es\/wp-content\/uploads\/2014\/06\/distanciadores-puertas-sensem.jpg 765w, https:\/\/www.sensem.es\/wp-content\/uploads\/2014\/06\/distanciadores-puertas-sensem-300x170.jpg 300w\" sizes=\"(max-width: 765px) 100vw, 765px\" \/><\/p>\n<h2>2. Posicionamiento y fijaci\u00f3n inicial del marco<\/h2>\n<p>El anclaje inicial del marco se realiza mediante<strong> dos reglas colocadas en horizontal<\/strong>, situadas aproximadamente a unos 40 cm del cabezal y del pie. Estas reglas pueden fijarse con sargentos de apriete y, posteriormente, complementarse con largueros con muelles anclados al forjado superior.<\/p>\n<p>Es recomendable trabajar con <strong>tolerancias m\u00ednimas (\u00b11 mm)<\/strong>, ya que peque\u00f1as desviaciones en esta fase trasladarse al ajuste final de la hoja en <a title=\"Puertas enrasadas sin marco SENSEM\" href=\"https:\/\/www.sensem.es\/es\/puertas\/enrasadas\/\">puertas enrasadas<\/a> y provocar rozamientos o desalineaciones.<\/p>\n<p>Hay que tener especial cuidado en respetar esta tolerancia en las <a title=\"Puertas suelo techo\" href=\"https:\/\/www.sensem.es\/es\/puertas\/hasta-el-techo\/\">puertas hasta el techo<\/a>, ya que un peque\u00f1o desv\u00edo en su parte inferior podr\u00e1 suponer un descuadre visible en su parte superior.<\/p>\n<p>Durante este proceso es fundamental <strong>no deformar la malla met\u00e1lica<\/strong>, manteniendo su forma original en todo momento. Asimismo, <strong>los distanciadores deben permanecer colocados durante toda la instalaci\u00f3n<\/strong> del marco oculto. Su retirada prematura puede afectar negativamente al resultado final.<\/p>\n<p><strong>Los distanciadores solo deber\u00e1n retirarse cuando el mortero de anclaje haya fraguado completamente<\/strong> o justo antes de realizar el enlucido de la pared. En general, cuanto m\u00e1s se retrase su eliminaci\u00f3n, mejor ser\u00e1 el resultado. En esta fase, el marco debe quedar correctamente aplomado en todos sus planos.<\/p>\n<h2>3. Revocado del marco y puntos de anclaje<\/h2>\n<p>Una vez el marco est\u00e1 fijado y aplomado, se procede al <strong>revocado tradicional<\/strong>, prestando especial atenci\u00f3n a los puntos donde se sit\u00faan las garras de anclaje. En estas zonas, el mortero debe aplicarse de forma generosa para garantizar una fijaci\u00f3n s\u00f3lida.<\/p>\n<p>Durante todo este proceso es importante <strong>comprobar peri\u00f3dicamente el aplomado<\/strong>, evitando cualquier desplazamiento del marco mientras el material a\u00fan est\u00e1 fresco.<\/p>\n<h2>4. Fijaci\u00f3n de la malla al muro<\/h2>\n<p>Para asegurar una correcta adherencia de la malla al muro, se colocan <strong>alambres en forma de gancho<\/strong> que permiten aprisionar las mallas de ambas caras del marco. Estos alambres atraviesan el muro por las juntas del ladrillo, aprovechando el mortero a\u00fan fresco.<\/p>\n<p>Este paso resulta clave para garantizar la continuidad entre el marco oculto y el muro, evitando fisuras o movimientos posteriores en sistemas de <a title=\"Puertas ocultas sin marco SENSEM\" href=\"https:\/\/www.sensem.es\/es\/puertas\/ocultas\/\">puertas ocultas sin marco<\/a>.<\/p>\n<p>Una fijaci\u00f3n insuficiente en este punto puede derivar en <strong>fisuras en el encuentro entre marco y revestimiento<\/strong>, especialmente en cambios t\u00e9rmicos o movimientos estructurales.<\/p>\n<h2>5. Refuerzo del per\u00edmetro del marco<\/h2>\n<p>Una vez finalizado el muro, se aplica una <strong>capa de mortero reforzado con fibras<\/strong> en todo el per\u00edmetro de la malla. Antes de continuar con la siguiente capa, se debe esperar a que este refuerzo frag\u00fce correctamente.<\/p>\n<p>Durante la aplicaci\u00f3n de esta capa, se colocar\u00e1n listones de madera sujetos con sargentos en aquellas zonas donde la malla haya quedado separada del muro, asegurando as\u00ed una correcta adherencia.<\/p>\n<p>Este refuerzo es esencial para dotar de consistencia al \u00e1rea del muro que soportar\u00e1 las presiones generadas por el cierre de la hoja sobre el marco.<\/p>\n<p>Tambi\u00e9n ayuda a <strong>absorber tensiones del uso diario<\/strong>, reduciendo el riesgo de microfisuraci\u00f3n en acabados continuos como yesos finos o pinturas lisas. Comportamiento directamente relacionado con las <a title=\"Caracter\u00edsticas t\u00e9cnicas del marco para puertas sin marco\" href=\"https:\/\/www.sensem.es\/es\/caracteristicas-tecnicas-marco-puerta-sin-marco\/\">caracter\u00edsticas t\u00e9cnicas del marco<\/a> y su dise\u00f1o estructural, as\u00ed como con la correcta elecci\u00f3n de <a title=\"Materiales de anclaje para puertas sin marco\" href=\"https:\/\/www.sensem.es\/es\/materiales-anclaje-puertas-sin-marco\/\">materiales de anclaje<\/a> durante el proceso de instalaci\u00f3n.<\/p>\n<h2>6. Enlucido final de la pared<\/h2>\n<p>Por \u00faltimo, una vez fraguada la capa de mortero aplicada sobre la malla, se procede al <strong>enlucido final de la pared<\/strong>, utilizando productos que garanticen la solidez y estabilidad del acabado.<\/p>\n<p>Con este \u00faltimo paso se completa el anclaje del marco SENSEM, dejando el sistema preparado para continuar con las fases posteriores de instalaci\u00f3n.<\/p>\n<h2>Nivelado y aplomado del marco SENSEM con nivel l\u00e1ser en V\u00eddeo<\/h2>\n<p>El correcto nivelado del marco es un paso clave para garantizar el buen funcionamiento del sistema SENSEM. Para esta tarea se utiliza un nivel l\u00e1ser, que permite comprobar con precisi\u00f3n la alineaci\u00f3n vertical y horizontal<br \/>\nantes de proceder al anclaje definitivo.<\/p>\n<p>En el siguiente v\u00eddeo se muestra el proceso de nivelado paso a paso, siguiendo un orden sencillo que permite asegurar que el marco queda perfectamente aplomado.<\/p>\n<p><iframe title=\"Aplomado marco sistema Sensem\" width=\"1200\" height=\"675\" src=\"https:\/\/www.youtube.com\/embed\/A5bpkCvhJuA?feature=oembed\" frameborder=\"0\" allow=\"accelerometer; autoplay; clipboard-write; encrypted-media; gyroscope; picture-in-picture; web-share\" referrerpolicy=\"strict-origin-when-cross-origin\" allowfullscreen><\/iframe><\/p>\n<h2>Proceso de nivelado del marco oculto de una puerta con sistema SENSEM<\/h2>\n<p>Antes de proceder al anclaje definitivo, <strong>es necesario verificar que el marco est\u00e1 correctamente alineado en todos sus planos<\/strong>. El uso de nivel l\u00e1ser permite detectar desviaciones con precisi\u00f3n y corregirlas en esta fase, evitando desajustes posteriores en el funcionamiento de la puerta.<\/p>\n<h3>Alinear el nivel l\u00e1ser con la base del marco<\/h3>\n<p>El l\u00e1ser se coloca tomando como referencia la parte inferior, asegurando que la base del marco se encuentra en la posici\u00f3n correcta.<\/p>\n<h3>Alinear con la parte superior del marco.<\/h3>\n<p>Una vez fijada la referencia inferior, se comprueba la alineaci\u00f3n en la zona superior para confirmar la verticalidad completa.<\/p>\n<p>Durante este proceso, <strong>el ajuste se realiza de forma progresiva<\/strong>:<\/p>\n<ol>\n<li>Primero se alinea el lateral izquierdo del marco.<\/li>\n<li>Despu\u00e9s se corrige el lateral derecho.<\/li>\n<\/ol>\n<p>Cuando el l\u00e1ser coincide tanto en la base como en la parte superior, <strong>el marco queda correctamente alineado<\/strong>. En ese punto se puede confirmar que la parte superior del marco est\u00e1 en l\u00ednea y que el conjunto se encuentra totalmente aplomado.<\/p>\n<p>Este control de nivelado, junto con un anclaje bien ejecutado en las fases anteriores, es lo que permite evitar problemas posteriores en obra terminada.<\/p>\n<p>Entre los errores m\u00e1s habituales se encuentran la retirada prematura de distanciadores, una fijaci\u00f3n insuficiente de la malla o peque\u00f1as desviaciones en el aplomado que terminan afectando al cierre de la hoja.<\/p>\n<p>Por eso, trabajar con precisi\u00f3n desde el inicio no solo facilita la instalaci\u00f3n, sino que tambi\u00e9n garantiza un resultado limpio, estable y coherente alineado con la calidad de los <a title=\"Sistemas de apertura para puertas sin marco SENSEM\" href=\"https:\/\/www.sensem.es\/es\/sistemas-apertura-puertas-puertas-sin-marcos\/\">sistemas de apertura<\/a> de las puertas SENSEM,\u00a0que requieren un ajuste especialmente preciso.<\/p>\n","protected":false},"excerpt":{"rendered":"<p>Analizar\u00a0el muro se dispondr\u00e1 una capa de cemento reforzado con fibras o en todo el per\u00edmetro de la malla y se esperar\u00e1 a su fraguado antes de aplicar la capa externa de muro.<\/p>\n","protected":false},"author":4,"featured_media":4456,"comment_status":"closed","ping_status":"open","sticky":false,"template":"","format":"standard","meta":{"footnotes":""},"categories":[32],"tags":[],"class_list":["post-292","post","type-post","status-publish","format-standard","has-post-thumbnail","hentry","category-novedades","category-32","description-off"],"yoast_head":"<!-- This site is optimized with the Yoast SEO plugin v27.4 - https:\/\/yoast.com\/product\/yoast-seo-wordpress\/ -->\n<title>Anclaje y nivelado de los sistemas de marco oculto SENSEM<\/title>\n<meta name=\"description\" content=\"Descubre c\u00f3mo instalar correctamente el marco SENSEM con nuestra gu\u00eda detallada de seis pasos que aseguran durabilidad y estabilidad.\" \/>\n<meta name=\"robots\" content=\"index, follow, max-snippet:-1, max-image-preview:large, max-video-preview:-1\" \/>\n<link rel=\"canonical\" href=\"https:\/\/www.sensem.es\/es\/anclaje-nivelado-marco-sensem\/\" \/>\n<meta property=\"og:locale\" content=\"es_ES\" \/>\n<meta property=\"og:type\" content=\"article\" \/>\n<meta property=\"og:title\" content=\"Anclaje y nivelado de los sistemas de marco oculto SENSEM\" \/>\n<meta property=\"og:description\" content=\"Descubre c\u00f3mo instalar correctamente el marco SENSEM con nuestra gu\u00eda detallada de seis pasos que aseguran durabilidad y estabilidad.\" \/>\n<meta property=\"og:url\" content=\"https:\/\/www.sensem.es\/es\/anclaje-nivelado-marco-sensem\/\" \/>\n<meta property=\"og:site_name\" content=\"SENSEM | Puertas sin marcos\" \/>\n<meta property=\"article:publisher\" content=\"https:\/\/www.facebook.com\/sensempuertassinmarco\/\" \/>\n<meta property=\"article:published_time\" content=\"2014-06-11T23:13:42+00:00\" \/>\n<meta property=\"article:modified_time\" content=\"2026-04-08T13:24:58+00:00\" \/>\n<meta property=\"og:image\" content=\"https:\/\/www.sensem.es\/wp-content\/uploads\/2014\/06\/nivelado-puertas-sensem-laser.jpg\" \/>\n\t<meta property=\"og:image:width\" content=\"825\" \/>\n\t<meta property=\"og:image:height\" content=\"540\" \/>\n\t<meta property=\"og:image:type\" content=\"image\/jpeg\" \/>\n<meta name=\"author\" content=\"Pascual Brines\" \/>\n<meta name=\"twitter:card\" content=\"summary_large_image\" \/>\n<meta name=\"twitter:label1\" content=\"Escrito por\" \/>\n\t<meta name=\"twitter:data1\" content=\"Pascual Brines\" \/>\n\t<meta name=\"twitter:label2\" content=\"Tiempo de lectura\" \/>\n\t<meta name=\"twitter:data2\" content=\"6 minutos\" \/>\n<!-- \/ Yoast SEO plugin. -->","yoast_head_json":{"title":"Anclaje y nivelado de los sistemas de marco oculto SENSEM","description":"Descubre c\u00f3mo instalar correctamente el marco SENSEM con nuestra gu\u00eda detallada de seis pasos que aseguran durabilidad y estabilidad.","robots":{"index":"index","follow":"follow","max-snippet":"max-snippet:-1","max-image-preview":"max-image-preview:large","max-video-preview":"max-video-preview:-1"},"canonical":"https:\/\/www.sensem.es\/es\/anclaje-nivelado-marco-sensem\/","og_locale":"es_ES","og_type":"article","og_title":"Anclaje y nivelado de los sistemas de marco oculto SENSEM","og_description":"Descubre c\u00f3mo instalar correctamente el marco SENSEM con nuestra gu\u00eda detallada de seis pasos que aseguran durabilidad y estabilidad.","og_url":"https:\/\/www.sensem.es\/es\/anclaje-nivelado-marco-sensem\/","og_site_name":"SENSEM | Puertas sin marcos","article_publisher":"https:\/\/www.facebook.com\/sensempuertassinmarco\/","article_published_time":"2014-06-11T23:13:42+00:00","article_modified_time":"2026-04-08T13:24:58+00:00","og_image":[{"width":825,"height":540,"url":"https:\/\/www.sensem.es\/wp-content\/uploads\/2014\/06\/nivelado-puertas-sensem-laser.jpg","type":"image\/jpeg"}],"author":"Pascual Brines","twitter_card":"summary_large_image","twitter_misc":{"Escrito por":"Pascual Brines","Tiempo de lectura":"6 minutos"},"schema":{"@context":"https:\/\/schema.org","@graph":[{"@type":"Article","@id":"https:\/\/www.sensem.es\/es\/anclaje-nivelado-marco-sensem\/#article","isPartOf":{"@id":"https:\/\/www.sensem.es\/es\/anclaje-nivelado-marco-sensem\/"},"author":{"name":"Pascual Brines","@id":"https:\/\/www.sensem.es\/es\/#\/schema\/person\/6eeef94f9f8479f4c5cce384433bb593"},"headline":"Anclaje y nivelado del marco SENSEM en 6 pasos","datePublished":"2014-06-11T23:13:42+00:00","dateModified":"2026-04-08T13:24:58+00:00","mainEntityOfPage":{"@id":"https:\/\/www.sensem.es\/es\/anclaje-nivelado-marco-sensem\/"},"wordCount":1216,"publisher":{"@id":"https:\/\/www.sensem.es\/es\/#organization"},"image":{"@id":"https:\/\/www.sensem.es\/es\/anclaje-nivelado-marco-sensem\/#primaryimage"},"thumbnailUrl":"https:\/\/www.sensem.es\/wp-content\/uploads\/2014\/06\/nivelado-puertas-sensem-laser.jpg","articleSection":["novedades"],"inLanguage":"es"},{"@type":"WebPage","@id":"https:\/\/www.sensem.es\/es\/anclaje-nivelado-marco-sensem\/","url":"https:\/\/www.sensem.es\/es\/anclaje-nivelado-marco-sensem\/","name":"Anclaje y nivelado de los sistemas de marco oculto SENSEM","isPartOf":{"@id":"https:\/\/www.sensem.es\/es\/#website"},"primaryImageOfPage":{"@id":"https:\/\/www.sensem.es\/es\/anclaje-nivelado-marco-sensem\/#primaryimage"},"image":{"@id":"https:\/\/www.sensem.es\/es\/anclaje-nivelado-marco-sensem\/#primaryimage"},"thumbnailUrl":"https:\/\/www.sensem.es\/wp-content\/uploads\/2014\/06\/nivelado-puertas-sensem-laser.jpg","datePublished":"2014-06-11T23:13:42+00:00","dateModified":"2026-04-08T13:24:58+00:00","description":"Descubre c\u00f3mo instalar correctamente el marco SENSEM con nuestra gu\u00eda detallada de seis pasos que aseguran durabilidad y estabilidad.","breadcrumb":{"@id":"https:\/\/www.sensem.es\/es\/anclaje-nivelado-marco-sensem\/#breadcrumb"},"inLanguage":"es","potentialAction":[{"@type":"ReadAction","target":["https:\/\/www.sensem.es\/es\/anclaje-nivelado-marco-sensem\/"]}]},{"@type":"ImageObject","inLanguage":"es","@id":"https:\/\/www.sensem.es\/es\/anclaje-nivelado-marco-sensem\/#primaryimage","url":"https:\/\/www.sensem.es\/wp-content\/uploads\/2014\/06\/nivelado-puertas-sensem-laser.jpg","contentUrl":"https:\/\/www.sensem.es\/wp-content\/uploads\/2014\/06\/nivelado-puertas-sensem-laser.jpg","width":825,"height":540,"caption":"Anclaje y nivelado del marco SENSEM para puertas de marco oculto"},{"@type":"BreadcrumbList","@id":"https:\/\/www.sensem.es\/es\/anclaje-nivelado-marco-sensem\/#breadcrumb","itemListElement":[{"@type":"ListItem","position":1,"name":"Portada","item":"https:\/\/www.sensem.es\/es\/"},{"@type":"ListItem","position":2,"name":"Anclaje y nivelado del marco SENSEM en 6 pasos"}]},{"@type":"WebSite","@id":"https:\/\/www.sensem.es\/es\/#website","url":"https:\/\/www.sensem.es\/es\/","name":"Sensem","description":"F\u00e1brica de puertas sin marcos","publisher":{"@id":"https:\/\/www.sensem.es\/es\/#organization"},"alternateName":"Sensem","potentialAction":[{"@type":"SearchAction","target":{"@type":"EntryPoint","urlTemplate":"https:\/\/www.sensem.es\/es\/?s={search_term_string}"},"query-input":{"@type":"PropertyValueSpecification","valueRequired":true,"valueName":"search_term_string"}}],"inLanguage":"es"},{"@type":"Organization","@id":"https:\/\/www.sensem.es\/es\/#organization","name":"Mediterr\u00e1nea de Soluciones y Desarrollos, SL","alternateName":"Sensem","url":"https:\/\/www.sensem.es\/es\/","logo":{"@type":"ImageObject","inLanguage":"es","@id":"https:\/\/www.sensem.es\/es\/#\/schema\/logo\/image\/","url":"https:\/\/www.sensem.es\/wp-content\/uploads\/2020\/11\/negro-466x160-1.png","contentUrl":"https:\/\/www.sensem.es\/wp-content\/uploads\/2020\/11\/negro-466x160-1.png","width":466,"height":160,"caption":"Mediterr\u00e1nea de Soluciones y Desarrollos, SL"},"image":{"@id":"https:\/\/www.sensem.es\/es\/#\/schema\/logo\/image\/"},"sameAs":["https:\/\/www.facebook.com\/sensempuertassinmarco\/","https:\/\/www.linkedin.com\/company\/sensem-puertas-sin-marco\/","https:\/\/www.instagram.com\/sensempuertassinmarco\/"]},{"@type":"Person","@id":"https:\/\/www.sensem.es\/es\/#\/schema\/person\/6eeef94f9f8479f4c5cce384433bb593","name":"Pascual Brines","image":{"@type":"ImageObject","inLanguage":"es","@id":"https:\/\/www.sensem.es\/wp-content\/litespeed\/avatar\/9a8bbe5cf2622b35de487c62d6a02cdd.jpg?ver=1776982714","url":"https:\/\/www.sensem.es\/wp-content\/litespeed\/avatar\/9a8bbe5cf2622b35de487c62d6a02cdd.jpg?ver=1776982714","contentUrl":"https:\/\/www.sensem.es\/wp-content\/litespeed\/avatar\/9a8bbe5cf2622b35de487c62d6a02cdd.jpg?ver=1776982714","caption":"Pascual Brines"},"description":"Carpintero y especialista en desarrollo de producto, llevo a\u00f1os trabajando en el sector de las puertas sin marcos. En este blog comparto detalles t\u00e9cnicos y curiosidades para quienes tengan inter\u00e9s en saber un poco m\u00e1s.","sameAs":["https:\/\/www.sensem.es\/es\/pascual-brines\/","https:\/\/www.linkedin.com\/in\/pascual-brines-88104a48\/"]}]}},"_links":{"self":[{"href":"https:\/\/www.sensem.es\/es\/wp-json\/wp\/v2\/posts\/292","targetHints":{"allow":["GET"]}}],"collection":[{"href":"https:\/\/www.sensem.es\/es\/wp-json\/wp\/v2\/posts"}],"about":[{"href":"https:\/\/www.sensem.es\/es\/wp-json\/wp\/v2\/types\/post"}],"author":[{"embeddable":true,"href":"https:\/\/www.sensem.es\/es\/wp-json\/wp\/v2\/users\/4"}],"replies":[{"embeddable":true,"href":"https:\/\/www.sensem.es\/es\/wp-json\/wp\/v2\/comments?post=292"}],"version-history":[{"count":0,"href":"https:\/\/www.sensem.es\/es\/wp-json\/wp\/v2\/posts\/292\/revisions"}],"wp:featuredmedia":[{"embeddable":true,"href":"https:\/\/www.sensem.es\/es\/wp-json\/wp\/v2\/media\/4456"}],"wp:attachment":[{"href":"https:\/\/www.sensem.es\/es\/wp-json\/wp\/v2\/media?parent=292"}],"wp:term":[{"taxonomy":"category","embeddable":true,"href":"https:\/\/www.sensem.es\/es\/wp-json\/wp\/v2\/categories?post=292"},{"taxonomy":"post_tag","embeddable":true,"href":"https:\/\/www.sensem.es\/es\/wp-json\/wp\/v2\/tags?post=292"}],"curies":[{"name":"wp","href":"https:\/\/api.w.org\/{rel}","templated":true}]}}