{"id":281,"date":"2014-05-05T13:00:16","date_gmt":"2014-05-05T13:00:16","guid":{"rendered":"http:\/\/www.sensem.es\/blog\/?p=281"},"modified":"2026-04-08T09:31:25","modified_gmt":"2026-04-08T07:31:25","slug":"usos-puertas-sin-marco","status":"publish","type":"post","link":"https:\/\/www.sensem.es\/es\/usos-puertas-sin-marco\/","title":{"rendered":"Usos de las puertas sin marco en viviendas y proyectos arquitect\u00f3nicos"},"content":{"rendered":"<p>Los usos de las puertas sin marco, que se han convertido en una soluci\u00f3n cada vez m\u00e1s utilizada en arquitectura moderna, no responden \u00fanicamente a una cuesti\u00f3n est\u00e9tica, sino tambi\u00e9n a criterios funcionales, constructivos y de aprovechamiento del espacio.<\/p>\n<p>A medida que la arquitectura evoluciona hacia l\u00edneas m\u00e1s limpias y soluciones m\u00e1s integradas, este tipo de puertas <strong>permite resolver encuentros entre elementos<\/strong> de forma m\u00e1s coherente, eliminando interrupciones visuales y facilitando la continuidad entre estancias.<\/p>\n<h2>Uso de puertas sin marco para ocultar estancias y espacios de servicio<\/h2>\n<p>Uno de los usos m\u00e1s habituales de las puertas sin marco es la <strong>ocultaci\u00f3n de estancias secundarias<\/strong> dentro de la vivienda o del proyecto arquitect\u00f3nico. Hablamos de accesos a ba\u00f1os, vestidores, despensas o zonas t\u00e9cnicas donde no interesa generar impacto visual.<\/p>\n<p>En estos casos, la puerta deja de tener protagonismo y pasa a formar parte del propio paramento. Algo que permite que el espacio se perciba m\u00e1s ordenado y que las zonas principales ganen presencia.<\/p>\n<p>Este uso es especialmente habitual en proyectos donde se busca que ciertas funciones queden en segundo plano sin renunciar a la accesibilidad. Para ello, soluciones como las <a title=\"Puertas ocultas sin marco SENSEM\" href=\"https:\/\/www.sensem.es\/es\/puertas\/ocultas\/\">puertas ocultas<\/a> permiten integrar completamente la hoja en la pared, incluso replicando el mismo acabado.<\/p>\n<h2>Uso de puertas sin marco para dar continuidad a paredes y revestimientos<\/h2>\n<p>Otro de los usos clave de las puertas sin marco es su capacidad para <strong>mantener la continuidad de los acabados en paredes<\/strong>. En proyectos donde se utilizan panelados, lacados o revestimientos continuos, una puerta tradicional rompe esa superficie.<\/p>\n<p>Sin embargo, al trabajar con puertas sin marco, es posible aplicar el mismo material sobre la hoja, de forma que la puerta queda completamente integrada en el dise\u00f1o.<\/p>\n<p>Este uso es muy frecuente en interiores donde se busca una lectura limpia del espacio, especialmente en salones, pasillos o zonas de transici\u00f3n. En este contexto, las <a title=\"Puertas enrasadas sin marco\" href=\"https:\/\/www.sensem.es\/es\/puertas\/enrasadas\/\">puertas enrasadas<\/a> permiten que hoja y pared queden en el mismo plano, reforzando esa continuidad visual.<\/p>\n<h2>Uso de puertas sin marco en pasillos y zonas de paso estrechas<\/h2>\n<p>En espacios reducidos, como pasillos o distribuidores, uno de los principales problemas es la acumulaci\u00f3n de elementos visuales. Marcos, tapetas o molduras generan volumen y hacen que el espacio se perciba m\u00e1s estrecho.<\/p>\n<p>Las puertas sin marco se utilizan en estos casos para <strong>reducir esa carga visual<\/strong>. Al integrarse en la pared, desaparecen los elementos que sobresalen y el espacio se percibe mucho m\u00e1s limpio.<\/p>\n<p>Este uso no solo mejora la est\u00e9tica, sino que permite una mayor libertad a la hora de colocar mobiliario cerca de la puerta, como armarios o estanter\u00edas, sin que el conjunto resulte saturado.<\/p>\n<h2>Uso de puertas sin marco en proyectos con dise\u00f1o minimalista<\/h2>\n<p>En arquitectura minimalista, cada elemento debe tener una funci\u00f3n clara y no interferir en la lectura del conjunto. Por eso, uno de los usos m\u00e1s habituales de las puertas sin marco es <strong>eliminar elementos innecesarios<\/strong>.<\/p>\n<p>En este tipo de proyectos, las puertas se integran completamente en la pared para evitar l\u00edneas adicionales que rompan la continuidad del espacio.<\/p>\n<p>Este uso es especialmente frecuente en viviendas de obra nueva o reformas de alto nivel, donde se busca una est\u00e9tica muy controlada. La puerta deja de ser un elemento independiente para convertirse en parte del dise\u00f1o global.<\/p>\n<h2>Uso de puertas sin marco para integrar puertas en mobiliario o panelados<\/h2>\n<p>Otro uso muy interesante es la <strong>integraci\u00f3n de puertas dentro de soluciones de carpinter\u00eda o mobiliario a medida<\/strong>. Esto ocurre, por ejemplo, cuando una pared est\u00e1 completamente panelada y se necesita incorporar accesos sin romper ese dise\u00f1o.<\/p>\n<p>En estos casos, la puerta puede formar parte del propio panelado, quedando completamente oculta o mimetizada. Este uso es habitual en proyectos de interiorismo donde se busca una est\u00e9tica uniforme en toda la estancia.<\/p>\n<p>La ausencia de marco facilita esta integraci\u00f3n, ya que no existen elementos que interfieran entre la puerta y el resto del revestimiento.<\/p>\n<h2>Uso de puertas sin marco en proyectos t\u00e9cnicos y espacios profesionales<\/h2>\n<p>M\u00e1s all\u00e1 del \u00e1mbito residencial, los usos de las puertas sin marco tambi\u00e9n se extienden a proyectos t\u00e9cnicos como <strong>oficinas, cl\u00ednicas o espacios comerciales<\/strong>.<\/p>\n<p>En estos entornos, la puerta debe cumplir una funci\u00f3n clara sin interferir en el dise\u00f1o general del espacio. Adem\u00e1s, en muchos casos se requiere una soluci\u00f3n que sea compatible con diferentes sistemas de apertura seg\u00fan el uso.<\/p>\n<p>Por eso, es importante definir correctamente los <a title=\"Sistemas de apertura de puertas sin marco\" href=\"https:\/\/www.sensem.es\/es\/sistemas-apertura-puertas-puertas-sin-marcos\/\">sistemas de apertura de puertas sin marco<\/a>, ya que condicionan tanto la funcionalidad como la durabilidad del conjunto.<\/p>\n<p>Este uso permite adaptar la soluci\u00f3n a cada proyecto, ya sea priorizando el paso frecuente, la privacidad o la integraci\u00f3n visual.<\/p>\n<h2>Uso de puertas sin marco para mejorar la percepci\u00f3n del espacio<\/h2>\n<p>Por \u00faltimo, uno de los usos m\u00e1s valorados de las puertas sin marco es su <strong>capacidad para mejorar la percepci\u00f3n general del espacio<\/strong>. Al eliminar elementos visibles, se consigue una sensaci\u00f3n de mayor amplitud y orden.<\/p>\n<p>Esto no significa que el espacio sea f\u00edsicamente m\u00e1s grande, pero s\u00ed que se percibe como m\u00e1s limpio y organizado. En proyectos donde cada detalle cuenta, este tipo de soluciones aporta un valor diferencial.<\/p>\n<p>Este uso es transversal y puede aplicarse en pr\u00e1cticamente cualquier estancia, desde zonas de d\u00eda hasta dormitorios o espacios de trabajo.<\/p>\n","protected":false},"excerpt":{"rendered":"<p>Los usos de las puertas sin marco, que se han convertido en una soluci\u00f3n cada vez m\u00e1s utilizada en arquitectura moderna, no responden \u00fanicamente a una cuesti\u00f3n est\u00e9tica, sino tambi\u00e9n a criterios funcionales, constructivos y de aprovechamiento del espacio. A medida que la arquitectura evoluciona hacia l\u00edneas m\u00e1s limpias y soluciones m\u00e1s integradas, este tipo&hellip;<\/p>\n","protected":false},"author":4,"featured_media":4465,"comment_status":"closed","ping_status":"open","sticky":false,"template":"","format":"standard","meta":{"footnotes":""},"categories":[32],"tags":[],"class_list":["post-281","post","type-post","status-publish","format-standard","has-post-thumbnail","hentry","category-novedades","category-32","description-off"],"yoast_head":"<!-- This site is optimized with the Yoast SEO plugin v27.4 - https:\/\/yoast.com\/product\/yoast-seo-wordpress\/ -->\n<title>Usos de puertas sin marco en arquitectura y viviendas modernas<\/title>\n<meta name=\"description\" content=\"Usos de puertas sin marco en viviendas modernas: integraci\u00f3n est\u00e9tica, optimizaci\u00f3n del espacio y aplicaci\u00f3n en proyectos de arquitectura.\" \/>\n<meta name=\"robots\" content=\"index, follow, max-snippet:-1, max-image-preview:large, max-video-preview:-1\" \/>\n<link rel=\"canonical\" href=\"https:\/\/www.sensem.es\/es\/usos-puertas-sin-marco\/\" \/>\n<meta property=\"og:locale\" content=\"es_ES\" \/>\n<meta property=\"og:type\" content=\"article\" \/>\n<meta property=\"og:title\" content=\"Usos de puertas sin marco en arquitectura y viviendas modernas\" \/>\n<meta property=\"og:description\" content=\"Usos de puertas sin marco en viviendas modernas: integraci\u00f3n est\u00e9tica, optimizaci\u00f3n del espacio y aplicaci\u00f3n en proyectos de arquitectura.\" \/>\n<meta property=\"og:url\" content=\"https:\/\/www.sensem.es\/es\/usos-puertas-sin-marco\/\" \/>\n<meta property=\"og:site_name\" content=\"SENSEM | Puertas sin marcos\" \/>\n<meta property=\"article:publisher\" content=\"https:\/\/www.facebook.com\/sensempuertassinmarco\/\" \/>\n<meta property=\"article:published_time\" content=\"2014-05-05T13:00:16+00:00\" \/>\n<meta property=\"article:modified_time\" content=\"2026-04-08T07:31:25+00:00\" \/>\n<meta property=\"og:image\" content=\"https:\/\/www.sensem.es\/wp-content\/uploads\/2014\/05\/usos-puertas-sin-marco-img.jpg\" \/>\n\t<meta property=\"og:image:width\" content=\"825\" \/>\n\t<meta property=\"og:image:height\" content=\"540\" \/>\n\t<meta property=\"og:image:type\" content=\"image\/jpeg\" \/>\n<meta name=\"author\" content=\"Pascual Brines\" \/>\n<meta name=\"twitter:card\" content=\"summary_large_image\" \/>\n<meta name=\"twitter:label1\" content=\"Escrito por\" \/>\n\t<meta name=\"twitter:data1\" content=\"Pascual Brines\" \/>\n\t<meta name=\"twitter:label2\" content=\"Tiempo de lectura\" \/>\n\t<meta name=\"twitter:data2\" content=\"5 minutos\" \/>\n<!-- \/ Yoast SEO plugin. -->","yoast_head_json":{"title":"Usos de puertas sin marco en arquitectura y viviendas modernas","description":"Usos de puertas sin marco en viviendas modernas: integraci\u00f3n est\u00e9tica, optimizaci\u00f3n del espacio y aplicaci\u00f3n en proyectos de arquitectura.","robots":{"index":"index","follow":"follow","max-snippet":"max-snippet:-1","max-image-preview":"max-image-preview:large","max-video-preview":"max-video-preview:-1"},"canonical":"https:\/\/www.sensem.es\/es\/usos-puertas-sin-marco\/","og_locale":"es_ES","og_type":"article","og_title":"Usos de puertas sin marco en arquitectura y viviendas modernas","og_description":"Usos de puertas sin marco en viviendas modernas: integraci\u00f3n est\u00e9tica, optimizaci\u00f3n del espacio y aplicaci\u00f3n en proyectos de arquitectura.","og_url":"https:\/\/www.sensem.es\/es\/usos-puertas-sin-marco\/","og_site_name":"SENSEM | Puertas sin marcos","article_publisher":"https:\/\/www.facebook.com\/sensempuertassinmarco\/","article_published_time":"2014-05-05T13:00:16+00:00","article_modified_time":"2026-04-08T07:31:25+00:00","og_image":[{"width":825,"height":540,"url":"https:\/\/www.sensem.es\/wp-content\/uploads\/2014\/05\/usos-puertas-sin-marco-img.jpg","type":"image\/jpeg"}],"author":"Pascual Brines","twitter_card":"summary_large_image","twitter_misc":{"Escrito por":"Pascual Brines","Tiempo de lectura":"5 minutos"},"schema":{"@context":"https:\/\/schema.org","@graph":[{"@type":"Article","@id":"https:\/\/www.sensem.es\/es\/usos-puertas-sin-marco\/#article","isPartOf":{"@id":"https:\/\/www.sensem.es\/es\/usos-puertas-sin-marco\/"},"author":{"name":"Pascual Brines","@id":"https:\/\/www.sensem.es\/es\/#\/schema\/person\/6eeef94f9f8479f4c5cce384433bb593"},"headline":"Usos de las puertas sin marco en viviendas y proyectos arquitect\u00f3nicos","datePublished":"2014-05-05T13:00:16+00:00","dateModified":"2026-04-08T07:31:25+00:00","mainEntityOfPage":{"@id":"https:\/\/www.sensem.es\/es\/usos-puertas-sin-marco\/"},"wordCount":931,"publisher":{"@id":"https:\/\/www.sensem.es\/es\/#organization"},"image":{"@id":"https:\/\/www.sensem.es\/es\/usos-puertas-sin-marco\/#primaryimage"},"thumbnailUrl":"https:\/\/www.sensem.es\/wp-content\/uploads\/2014\/05\/usos-puertas-sin-marco-img.jpg","articleSection":["novedades"],"inLanguage":"es"},{"@type":"WebPage","@id":"https:\/\/www.sensem.es\/es\/usos-puertas-sin-marco\/","url":"https:\/\/www.sensem.es\/es\/usos-puertas-sin-marco\/","name":"Usos de puertas sin marco en arquitectura y viviendas modernas","isPartOf":{"@id":"https:\/\/www.sensem.es\/es\/#website"},"primaryImageOfPage":{"@id":"https:\/\/www.sensem.es\/es\/usos-puertas-sin-marco\/#primaryimage"},"image":{"@id":"https:\/\/www.sensem.es\/es\/usos-puertas-sin-marco\/#primaryimage"},"thumbnailUrl":"https:\/\/www.sensem.es\/wp-content\/uploads\/2014\/05\/usos-puertas-sin-marco-img.jpg","datePublished":"2014-05-05T13:00:16+00:00","dateModified":"2026-04-08T07:31:25+00:00","description":"Usos de puertas sin marco en viviendas modernas: integraci\u00f3n est\u00e9tica, optimizaci\u00f3n del espacio y aplicaci\u00f3n en proyectos de arquitectura.","breadcrumb":{"@id":"https:\/\/www.sensem.es\/es\/usos-puertas-sin-marco\/#breadcrumb"},"inLanguage":"es","potentialAction":[{"@type":"ReadAction","target":["https:\/\/www.sensem.es\/es\/usos-puertas-sin-marco\/"]}]},{"@type":"ImageObject","inLanguage":"es","@id":"https:\/\/www.sensem.es\/es\/usos-puertas-sin-marco\/#primaryimage","url":"https:\/\/www.sensem.es\/wp-content\/uploads\/2014\/05\/usos-puertas-sin-marco-img.jpg","contentUrl":"https:\/\/www.sensem.es\/wp-content\/uploads\/2014\/05\/usos-puertas-sin-marco-img.jpg","width":825,"height":540,"caption":"Diferentes usos de las puertas sin marco en arquitectura moderna"},{"@type":"BreadcrumbList","@id":"https:\/\/www.sensem.es\/es\/usos-puertas-sin-marco\/#breadcrumb","itemListElement":[{"@type":"ListItem","position":1,"name":"Portada","item":"https:\/\/www.sensem.es\/es\/"},{"@type":"ListItem","position":2,"name":"Usos de las puertas sin marco en viviendas y proyectos arquitect\u00f3nicos"}]},{"@type":"WebSite","@id":"https:\/\/www.sensem.es\/es\/#website","url":"https:\/\/www.sensem.es\/es\/","name":"Sensem","description":"F\u00e1brica de puertas sin marcos","publisher":{"@id":"https:\/\/www.sensem.es\/es\/#organization"},"alternateName":"Sensem","potentialAction":[{"@type":"SearchAction","target":{"@type":"EntryPoint","urlTemplate":"https:\/\/www.sensem.es\/es\/?s={search_term_string}"},"query-input":{"@type":"PropertyValueSpecification","valueRequired":true,"valueName":"search_term_string"}}],"inLanguage":"es"},{"@type":"Organization","@id":"https:\/\/www.sensem.es\/es\/#organization","name":"Mediterr\u00e1nea de Soluciones y Desarrollos, SL","alternateName":"Sensem","url":"https:\/\/www.sensem.es\/es\/","logo":{"@type":"ImageObject","inLanguage":"es","@id":"https:\/\/www.sensem.es\/es\/#\/schema\/logo\/image\/","url":"https:\/\/www.sensem.es\/wp-content\/uploads\/2020\/11\/negro-466x160-1.png","contentUrl":"https:\/\/www.sensem.es\/wp-content\/uploads\/2020\/11\/negro-466x160-1.png","width":466,"height":160,"caption":"Mediterr\u00e1nea de Soluciones y Desarrollos, SL"},"image":{"@id":"https:\/\/www.sensem.es\/es\/#\/schema\/logo\/image\/"},"sameAs":["https:\/\/www.facebook.com\/sensempuertassinmarco\/","https:\/\/www.linkedin.com\/company\/sensem-puertas-sin-marco\/","https:\/\/www.instagram.com\/sensempuertassinmarco\/"]},{"@type":"Person","@id":"https:\/\/www.sensem.es\/es\/#\/schema\/person\/6eeef94f9f8479f4c5cce384433bb593","name":"Pascual Brines","image":{"@type":"ImageObject","inLanguage":"es","@id":"https:\/\/www.sensem.es\/wp-content\/litespeed\/avatar\/9a8bbe5cf2622b35de487c62d6a02cdd.jpg?ver=1777587564","url":"https:\/\/www.sensem.es\/wp-content\/litespeed\/avatar\/9a8bbe5cf2622b35de487c62d6a02cdd.jpg?ver=1777587564","contentUrl":"https:\/\/www.sensem.es\/wp-content\/litespeed\/avatar\/9a8bbe5cf2622b35de487c62d6a02cdd.jpg?ver=1777587564","caption":"Pascual Brines"},"description":"Carpintero y especialista en desarrollo de producto, llevo a\u00f1os trabajando en el sector de las puertas sin marcos. En este blog comparto detalles t\u00e9cnicos y curiosidades para quienes tengan inter\u00e9s en saber un poco m\u00e1s.","sameAs":["https:\/\/www.sensem.es\/es\/pascual-brines\/","https:\/\/www.linkedin.com\/in\/pascual-brines-88104a48\/"]}]}},"_links":{"self":[{"href":"https:\/\/www.sensem.es\/es\/wp-json\/wp\/v2\/posts\/281","targetHints":{"allow":["GET"]}}],"collection":[{"href":"https:\/\/www.sensem.es\/es\/wp-json\/wp\/v2\/posts"}],"about":[{"href":"https:\/\/www.sensem.es\/es\/wp-json\/wp\/v2\/types\/post"}],"author":[{"embeddable":true,"href":"https:\/\/www.sensem.es\/es\/wp-json\/wp\/v2\/users\/4"}],"replies":[{"embeddable":true,"href":"https:\/\/www.sensem.es\/es\/wp-json\/wp\/v2\/comments?post=281"}],"version-history":[{"count":0,"href":"https:\/\/www.sensem.es\/es\/wp-json\/wp\/v2\/posts\/281\/revisions"}],"wp:featuredmedia":[{"embeddable":true,"href":"https:\/\/www.sensem.es\/es\/wp-json\/wp\/v2\/media\/4465"}],"wp:attachment":[{"href":"https:\/\/www.sensem.es\/es\/wp-json\/wp\/v2\/media?parent=281"}],"wp:term":[{"taxonomy":"category","embeddable":true,"href":"https:\/\/www.sensem.es\/es\/wp-json\/wp\/v2\/categories?post=281"},{"taxonomy":"post_tag","embeddable":true,"href":"https:\/\/www.sensem.es\/es\/wp-json\/wp\/v2\/tags?post=281"}],"curies":[{"name":"wp","href":"https:\/\/api.w.org\/{rel}","templated":true}]}}